{"id":960,"date":"2019-12-10T18:17:59","date_gmt":"2019-12-10T18:17:59","guid":{"rendered":"http:\/\/programapaido.general-valencia.san.gva.es\/?p=960"},"modified":"2019-12-23T16:07:51","modified_gmt":"2019-12-23T16:07:51","slug":"puedo-darle-atun-en-conserva-a-mi-hij","status":"publish","type":"post","link":"https:\/\/programapaido.general-valencia.san.gva.es\/index.php\/2019\/12\/10\/puedo-darle-atun-en-conserva-a-mi-hij\/","title":{"rendered":"\u00bfPuedo darle at\u00fan en conserva a mi hij@?"},"content":{"rendered":"<p><span style=\"font-size: 24px; font-family: 'DIN Alternate';\">Tras las recientes recomendaciones de la <a href=\"http:\/\/www.aecosan.msssi.gob.es\/AECOSAN\/web\/home\/aecosan_inicio.htm\">Agencia Espa\u00f1ola de Seguridad Alimentaria y Nutrici\u00f3n<\/a> (Aesan), a muchos padres ,madres y m\u00e9dicos nos ha surgido esta pregunta. Y la respuesta no es f\u00e1cil. Tras mucho indagar y buscar en la red en fuentes especializadas os transcribo el an\u00e1lisis m\u00e1s detallado que hemos encontrado sobre este asunto.<\/span><\/p>\n<p><span style=\"font-size: 24px; font-family: 'DIN Alternate';\">Viene de la mano de <a href=\"http:\/\/loquedicelacienciaparadelgazar.blogspot.com\/p\/sobre-este-blog.html\">D. Luis Jimenez<\/a> a trav\u00e9s de su estupendo blog <a href=\"http:\/\/loquedicelacienciaparadelgazar.blogspot.com\/\">Lo que dice la ciencia para adelgazar<\/a><\/span><\/p>\n<p><span style=\"font-size: 24px; font-family: 'DIN Alternate';\">Ha hecho un importante an\u00e1lisis de las recomendaciones de la AESAN, compar\u00e1ndolas con las realizadas por otras instituciones y con varios art\u00edculos cient\u00edficos. A pesar de ello, no hay una respuesta definitiva, pero animamos a leer la entrada entera. De todas maneras, si no es posible, remarcamos en negrita los comentarios m\u00e1s espec\u00edficos.<\/span><\/p>\n<p><span style=\"font-size: 24px; font-family: 'DIN Alternate';\">Si se quiere ir directamente a la entrada original, <a href=\"http:\/\/loquedicelacienciaparadelgazar.blogspot.com\/2019\/11\/pescado-y-mercurio-tenemos-un-problema.html\">pichar aqu\u00ed<\/a><\/span><\/p>\n<p>&nbsp;<\/p>\n<blockquote>\n<h1 class=\"post-title entry-title\"><strong><span style=\"font-size: 24px; font-family: 'DIN Alternate';\">Pescado y mercurio, \u00bftenemos un problema en Espa\u00f1a?<\/span><\/strong><\/h1>\n<\/blockquote>\n<div id=\"post-body-3475302428651435371\" class=\"post-body entry-content\">\n<p><span style=\"font-size: 24px; font-family: 'DIN Alternate';\">Hace unos d\u00edas la\u00a0<a href=\"http:\/\/www.aecosan.msssi.gob.es\/AECOSAN\/web\/home\/aecosan_inicio.htm\">Agencia Espa\u00f1ola de Seguridad Alimentaria y Nutrici\u00f3n<\/a>\u00a0(Aesan) actualiz\u00f3 sus directrices sobre la ingesta de pescado respecto a la presencia de mercurio. Las ha formalizado en un folleto con recomendaciones para la poblaci\u00f3n, tanto general como vulnerable, con las cantidades m\u00e1ximas aconsejadas e indicaci\u00f3n de las especies con m\u00e1s y menos mercurio, que pueden descargar desde\u00a0<a href=\"http:\/\/www.aecosan.msssi.gob.es\/AECOSAN\/docs\/documentos\/publicaciones\/seguridad_alimentaria\/RECOMENDACIONES_consumo_pescado_MERCURIO_AESAN_WEB.PDF\">este enlace<\/a>.<\/span><\/p>\n<\/div>\n<div id=\"post-body-3475302428651435371\" class=\"post-body entry-content\">\n<p><span style=\"font-size: 24px; font-family: 'DIN Alternate';\">Esta es la\u00a0figura principal con los mensajes clave:<\/span><\/p>\n<\/div>\n<blockquote>\n<div id=\"post-body-3475302428651435371\" class=\"post-body entry-content\">\n<div class=\"separator\"><span style=\"font-size: 24px; font-family: 'DIN Alternate';\"><a href=\"https:\/\/1.bp.blogspot.com\/-R5UDOVVIgVQ\/Xcb2ZjQ9ubI\/AAAAAAAASww\/CmCJyNoBagQZvUuRFzYxfkufCsJNM8F3ACLcBGAsYHQ\/s1600\/pescado.jpg\"><img loading=\"lazy\" src=\"https:\/\/1.bp.blogspot.com\/-R5UDOVVIgVQ\/Xcb2ZjQ9ubI\/AAAAAAAASww\/CmCJyNoBagQZvUuRFzYxfkufCsJNM8F3ACLcBGAsYHQ\/s640\/pescado.jpg\" width=\"640\" height=\"628\" border=\"0\" data-original-height=\"869\" data-original-width=\"884\" \/><\/a><\/span><\/div>\n<\/div>\n<\/blockquote>\n<div id=\"post-body-3475302428651435371\" class=\"post-body entry-content\">\n<p><span style=\"font-size: 24px; font-family: 'DIN Alternate';\">Pero hay varias cuestiones en este folleto que me generan dudas y preguntas.<\/span><\/p>\n<\/div>\n<div id=\"post-body-3475302428651435371\" class=\"post-body entry-content\">\n<p><span style=\"font-size: 24px; font-family: 'DIN Alternate';\"><strong>La primera, falta informaci\u00f3n b\u00e1sica para ponerlo en pr\u00e1ctica<\/strong>. Por ejemplo, las recomendaciones de consumo se dan en raciones y en ning\u00fan lugar se especifica a qu\u00e9 cantidad corresponde con una raci\u00f3n (suelen ser unos 125 gramos para adultos y 75 para ni\u00f1os). Tampoco se mencionan posibles diferencias (o no) entre pescado fresco y en conserva.<\/span><\/p>\n<p><span style=\"font-size: 24px; font-family: 'DIN Alternate';\">La segunda, \u00bfpara qu\u00e9 se separa el pescado en tres grupos, seg\u00fan su contenido en mercurio (alto, medio, bajo), si despu\u00e9s en las recomendaciones solo utilizan dos niveles, el alto y el bajo-medio mezclados? Adem\u00e1s, \u00bfrealmente se pueden mezclar el bajo y el medio? <strong>\u00bfPueden ingerir sin ning\u00fan riesgo 3-4 raciones semanales de pescado clasificado como de \u00abcontenido medio en mercurio\u00bb (como por ejemplo el at\u00fan claro, muy consumido en Espa\u00f1a) todos los grupos, incluso los ni\u00f1os peque\u00f1os?<\/strong><\/span><\/p>\n<p><span style=\"font-size: 24px; font-family: 'DIN Alternate';\"><strong>Y en tercer lugar, no he conseguido encontrar en qu\u00e9 se basan estas recomendaciones<\/strong>. En la web de Aesan\u00a0 se ofrecen\u00a0<a href=\"http:\/\/www.aecosan.msssi.gob.es\/AECOSAN\/web\/seguridad_alimentaria\/ampliacion\/mercurio.htm\">algunos contenidos<\/a>\u00a0sobre el tema, en los que se explican aspectos b\u00e1sicos de la contaminaci\u00f3n por metilmercurio en el pescado y se incluyen algunos enlaces a documentos complementarios de la EFSA, pero no indican de d\u00f3nde han salido las recomendaciones reci\u00e9n publicadas. \u00bfEn qu\u00e9 datos concretos se basan? \u00bfQu\u00e9 criterio se ha seguido para su establecimiento?<\/span><\/p>\n<p><span style=\"font-size: 24px; font-family: 'DIN Alternate';\">Durante mi b\u00fasqueda de informaci\u00f3n complementaria he probado a descargar uno de los documentos de referencia que se cita en la web de Aesan,\u00a0<a href=\"https:\/\/efsa.onlinelibrary.wiley.com\/doi\/10.2903\/j.efsa.2015.3982\">el \u00faltimo informe de la EFSA sobre el tema<\/a>. Seg\u00fan dicha web, las conclusiones de este informe son las siguientes:<\/span><\/p>\n<div class=\"separator\"><span style=\"font-size: 24px; font-family: 'DIN Alternate';\"><a href=\"https:\/\/1.bp.blogspot.com\/-aqbqMJGckWo\/XcfJT0-Ti8I\/AAAAAAAASyU\/aTbGe2x2pIYM4s0Ukx_DiXAoNuNgjK01ACLcBGAsYHQ\/s1600\/mercur0b.jpg\"><img src=\"https:\/\/1.bp.blogspot.com\/-aqbqMJGckWo\/XcfJT0-Ti8I\/AAAAAAAASyU\/aTbGe2x2pIYM4s0Ukx_DiXAoNuNgjK01ACLcBGAsYHQ\/s1600\/mercur0b.jpg\" border=\"0\" data-original-height=\"134\" data-original-width=\"620\" \/><\/a><\/span><\/div>\n<p><span style=\"font-size: 24px; font-family: 'DIN Alternate';\">Sin embargo, yo creo que ese informe\u00a0explica muchas m\u00e1s cosas (les recomiendo leerlo, es interesante) y no me parece que la conclusi\u00f3n principal sea esa. De hecho, en su \u00faltimo apartado, el de recomendaciones finales, dice lo siguiente:<\/span><\/p>\n<p><span style=\"font-size: 24px; font-family: 'DIN Alternate';\"><i>\u00abAdem\u00e1s de limitar la ingesta de especies de pescado y marisco con un alto contenido de mercurio en la dieta diaria para evitar una exposici\u00f3n regular por encima de la ingesta semanal tolerable (IST), no es posible hacer recomendaciones generales sobre el consumo de pescado en Europa. Cada pa\u00eds necesita considerar su propio patr\u00f3n de consumo de pescado y evaluar cuidadosamente el riesgo de exceder la IST de metilmercurio para obtener los beneficios para la salud resultantes del consumo de pescado y marisco. Adem\u00e1s de evaluar la exposici\u00f3n a trav\u00e9s de la ingesta de pescado, el uso de biomarcadores de exposici\u00f3n al metilmercurio puede ayudar a evaluar la exposici\u00f3n en diferentes grupos de poblaci\u00f3n.\u00bb<\/i><\/span><\/p>\n<p><span style=\"font-size: 24px; font-family: 'DIN Alternate';\">Es decir, que <strong>la EFSA solo \u00abse moja\u00bb en una directriz muy global: limitar el pescado con m\u00e1s contenido de mercurio<\/strong>. Pero insiste en que en funci\u00f3n del tipo de pescado, zona geogr\u00e1fica de pesca y tama\u00f1o del ejemplar, la presencia de mercurio puede ser muy diversa, as\u00ed que recomienda que cada pa\u00eds vigile estrechamente la presencia de mercurio en los diferentes tipos de pescado y la ingesta de forma m\u00e1s precisa, para poder hacer las recomendaciones espec\u00edficas para sus ciudadanos. Adem\u00e1s, en el resto del texto detalla que aunque el pescado aporta nutrientes muy interesantes, los valores de ingesta de metilmercurio est\u00e1n cerca de los l\u00edmites establecidos (en algunos casos, como en los ni\u00f1os, se llega a sobrepasar).<\/span><\/p>\n<p><span style=\"font-size: 24px; font-family: 'DIN Alternate';\">Este documento de la EFSA es de 2015, as\u00ed que podr\u00edamos suponer que Aesan ha hecho \u00ablos deberes\u00bb: ha recopilado los datos actualizados sobre la presencia de mercurio en todo tipo de pescado, analizado su ingesta y, como consecuencia de todo ello, realizado estas recientes recomendaciones. Pero lo cierto es que no he encontrado pruebas que lo confirmen. \u00bfEn qu\u00e9 datos se basa Aesan para llegar a esas 3-4 raciones semanales de pescado con riesgo bajo-medio para todo el mundo, incluidos los ni\u00f1os peque\u00f1os?<\/span><\/p>\n<h2><span style=\"font-size: 24px; font-family: 'DIN Alternate';\"><b><br \/>\n<\/b><strong>El mercurio en la lata<\/strong><\/span><\/h2>\n<p><span style=\"font-size: 24px; font-family: 'DIN Alternate';\">Dada la falta de informaci\u00f3n por parte de Aesan podemos buscar otras fuentes fiables, que nos ayuden a confirmar estas recomendaciones.<\/span><\/p>\n<p><span style=\"font-size: 24px; font-family: 'DIN Alternate';\">Por ejemplo, podemos analizar la ingesta de mercurio a trav\u00e9s de latas de at\u00fan, un alimento muy habitual en Espa\u00f1a, recurriendo al estudio \u00ab<a href=\"https:\/\/m.scirp.org\/papers\/33996\">Mercury in Canned Tuna in Spain. Is Light Tuna Really Light?<\/a>\u00bb (2013), una investigaci\u00f3n realizada en nuestro pa\u00eds en la que se estudi\u00f3 la cantidad de metilmercurio en las conservas de este tipo.<\/span><\/p>\n<p><span style=\"font-size: 24px; font-family: 'DIN Alternate';\">Estos fueron los resultados representados gr\u00e1ficamente:<\/span><\/p>\n<div class=\"separator\"><span style=\"font-size: 24px; font-family: 'DIN Alternate';\"><a href=\"https:\/\/1.bp.blogspot.com\/-Y8vkIKm6hY8\/XcfzD3BI6tI\/AAAAAAAASzE\/bpQmCFXX5887UC7eHI56GZwwsXhqTRTNwCLcBGAsYHQ\/s1600\/mercurio7b.jpg\"><img src=\"https:\/\/1.bp.blogspot.com\/-Y8vkIKm6hY8\/XcfzD3BI6tI\/AAAAAAAASzE\/bpQmCFXX5887UC7eHI56GZwwsXhqTRTNwCLcBGAsYHQ\/s1600\/mercurio7b.jpg\" border=\"0\" data-original-height=\"361\" data-original-width=\"489\" \/><\/a><\/span><\/div>\n<div class=\"separator\"><\/div>\n<p><span style=\"font-size: 24px; font-family: 'DIN Alternate';\">Los puntos muestran el resultado de cada producto y las l\u00edneas negras horizontales<strong> indican los valores medios por cada especie (at\u00fan claro, bonito del norte, barrilete, fragata y caballa)<\/strong>. Como pueden observar, las diferencias son bastante importantes, incluso en productos de la misma especie, sobre todo en el caso del at\u00fan claro.<\/span><\/p>\n<p><span style=\"font-size: 24px; font-family: 'DIN Alternate';\">Podemos comparar estos valores con los <strong>limites establecidos por la normativa: 0,50 mg\/kg para el pescado en general y 1 mg\/kg para algunas especies<\/strong>, entre las que suelen estar las que nos incumben, como el at\u00fan. En el gr\u00e1fico anterior he marcado con una l\u00ednea roja horizontal dicho l\u00edmite y como pueden comprobar, pr\u00e1cticamente todos los resultados est\u00e1n dentro de lo establecido por la normativa. Aunque algunos andan bastante cerca.<\/span><\/p>\n<p><span style=\"font-size: 24px; font-family: 'DIN Alternate';\">Sin embargo, <strong>m\u00e1s que la cantidad presente en cada pescado, lo importante es la ingesta final que se haga, as\u00ed que podemos hacer unos c\u00e1lculos para hacernos una idea de las magnitudes en las que nos movemos.<\/strong><\/span><\/p>\n<p><span style=\"font-size: 24px; font-family: 'DIN Alternate';\"><strong>Una lata de at\u00fan blanco t\u00edpica (peque\u00f1a) pesa unos 75 gramos y el valor medio de metilmercurio detectado en el estudio para ese producto es de 0,315 mg\/kg, por lo que dicha lata estar\u00e1 aportando aproximadamente unos 25 \u03bcg de metilmercurio (75 X 0,315).<\/strong><\/span><\/p>\n<p><span style=\"font-size: 24px; font-family: 'DIN Alternate';\"><strong>Seg\u00fan la EFSA, la ingesta semanal tolerable (IST) de metilmercurio es de 1.3 \u03bcg\/kg\/peso por semana, por lo que dependiendo del peso de cada persona, podemos calcular el n\u00famero de latas de at\u00fan claro semanales con las que se llega a esa cifra:<\/strong><\/span><\/p>\n<div class=\"separator\"><span style=\"font-size: 24px; font-family: 'DIN Alternate';\"><a href=\"https:\/\/1.bp.blogspot.com\/-jXHbLSpo4Nw\/XcfYZoJpFCI\/AAAAAAAASys\/b10yyRvLdBAuN2KrxtqmmykskaWyF5SmgCLcBGAsYHQ\/s1600\/tabla%2Blatas%2Bmercurio.jpg\"><img src=\"https:\/\/1.bp.blogspot.com\/-jXHbLSpo4Nw\/XcfYZoJpFCI\/AAAAAAAASys\/b10yyRvLdBAuN2KrxtqmmykskaWyF5SmgCLcBGAsYHQ\/s1600\/tabla%2Blatas%2Bmercurio.jpg\" border=\"0\" data-original-height=\"105\" data-original-width=\"400\" \/><\/a><\/span><\/div>\n<p><span style=\"font-size: 24px; font-family: 'DIN Alternate';\">Como pueden observar, <strong>un ni\u00f1o de 25 kilos no deber\u00eda comer m\u00e1s de una lata a la semana<\/strong>, ya que en caso contrario sobrepasar\u00eda los l\u00edmites m\u00e1ximos de metilmercurio. <strong>Un resultado muy discrepante con la recomendaci\u00f3n de 3-4 raciones.<\/strong><\/span><\/p>\n<p><span style=\"font-size: 24px; font-family: 'DIN Alternate';\"><strong>Pero si en nuestro hogar compramos siempre el at\u00fan claro en aceite de oliva, resulta que en ese caso el estudio detecta una presencia de metilmercurio bastante mayor que el valor medio global, de unos 0,561 mg\/kg (f\u00edjese tambi\u00e9n en la gran dispersi\u00f3n, de 0,196 a 0,963):<\/strong><\/span><\/p>\n<div class=\"separator\"><span style=\"font-size: 24px; font-family: 'DIN Alternate';\"><a href=\"https:\/\/1.bp.blogspot.com\/-o1lKLL6fJRc\/XcfZeorCg2I\/AAAAAAAASy0\/ImBPG3EqgUILcuVOlmtnIcth-yBYujGLQCLcBGAsYHQ\/s1600\/mercuriooliva.jpg\"><img src=\"https:\/\/1.bp.blogspot.com\/-o1lKLL6fJRc\/XcfZeorCg2I\/AAAAAAAASy0\/ImBPG3EqgUILcuVOlmtnIcth-yBYujGLQCLcBGAsYHQ\/s1600\/mercuriooliva.jpg\" border=\"0\" data-original-height=\"138\" data-original-width=\"478\" \/><\/a><\/span><\/div>\n<p><span style=\"font-size: 24px; font-family: 'DIN Alternate';\">L<strong>a cantidad de metilmercurio por lata ser\u00e1 de unos 40 \u03bcg y la tabla anterior variar\u00e1 sustancialmente, reduci\u00e9ndose de forma importante la cantidad de latas con la que se llega al m\u00e1ximo:<\/strong><\/span><\/p>\n<div class=\"separator\"><span style=\"font-size: 24px; font-family: 'DIN Alternate';\"><a href=\"https:\/\/1.bp.blogspot.com\/-yirKokpuYNQ\/XcfaS0ba6MI\/AAAAAAAASy8\/UZOv3HfTRh0C9bXedqfkWDCljCSIOQr2wCLcBGAsYHQ\/s1600\/tabla%2Blatas%2Bmercurio2.jpg\"><img src=\"https:\/\/1.bp.blogspot.com\/-yirKokpuYNQ\/XcfaS0ba6MI\/AAAAAAAASy8\/UZOv3HfTRh0C9bXedqfkWDCljCSIOQr2wCLcBGAsYHQ\/s1600\/tabla%2Blatas%2Bmercurio2.jpg\" border=\"0\" data-original-height=\"110\" data-original-width=\"403\" \/><\/a><\/span><\/div>\n<p><span style=\"font-size: 24px; font-family: 'DIN Alternate';\"><strong>En este caso un ni\u00f1o no deber\u00eda comer ni una lata a la semana. Y un adulto de 70 kilos deber\u00eda mantenerse por debajo de las dos semanales. De nuevo bastante menos de lo que dicen las recomendaciones de Aesan.<\/strong><\/span><\/p>\n<p><span style=\"font-size: 24px; font-family: 'DIN Alternate';\">Que quede claro que todo esto <strong>no son m\u00e1s que c\u00e1lculos realizados con los resultados de un solo estudio<\/strong>, por lo que no deber\u00edan tomarse como referencia general y representativa, pero nos muestran <strong>lo cerca que and\u00e1bamos en 2013 de los m\u00e1ximos al ingerir un par de latas de at\u00fan a la semana, un pescado que Aesan ha clasificado como de \u00abcontenido medio en mercurio\u00bb<\/strong>. Y la gran dispersi\u00f3n de cantidades de metilmercurio con la que podemos encontrarnos.<\/span><\/p>\n<p><span style=\"font-size: 24px; font-family: 'DIN Alternate';\">\u00bfHabr\u00e1 cambiado la cosa durante estos \u00faltimos a\u00f1os? No he encontrado informaci\u00f3n al respecto, pero hay m\u00e1s estudios recientes que llegan a conclusiones similares. La revisi\u00f3n \u00ab<a href=\"https:\/\/www.tandfonline.com\/doi\/abs\/10.1080\/23308249.2017.1362370\">Mercury Concentrations in Fresh and Canned Tuna: A Review<\/a>\u00bb (2018) tambi\u00e9n destac\u00f3 la elevada variabilidad en los resultados y los valores bastante altos en una buena cantidad de casos.<\/span><\/p>\n<p><span style=\"font-size: 24px; font-family: 'DIN Alternate';\">As\u00ed que parece obvio que es necesario disponer de m\u00e1s informaci\u00f3n detallada sobre cada uno de los diferentes productos y especies para poder hacer un c\u00e1lculo preciso de la ingesta recomendada, porque las diferencias pueden ser importantes.<\/span><\/p>\n<h2><span style=\"font-size: 24px; font-family: 'DIN Alternate';\"><b><br \/>\n<\/b><b>Otros an\u00e1lisis, otras recomendaciones<\/b><\/span><\/h2>\n<p><span style=\"font-size: 24px; font-family: 'DIN Alternate';\">Si seguimos buscando otras fuentes, podremos descubrir que tan solo unos meses despu\u00e9s del \u00faltimo informe de la EFSA de 2015 se public\u00f3 otro documento muy interesante sobre el tema. Se trata del<strong> \u00ab<a href=\"https:\/\/revista.nutricion.org\/PDF\/DOCUMENTO-CONSENSO.pdf\">Documento de consenso sobre la prevenci\u00f3n de la exposici\u00f3n al metilmercurio en Espa\u00f1a<\/a>\u00ab<\/strong> (2015), totalmente en espa\u00f1ol (est\u00e1 indexado en Pubmed en ingl\u00e9s en\u00a0\u00a0<a href=\"https:\/\/www.ncbi.nlm.nih.gov\/pubmed\/26302920\">este enlace<\/a>) y como bien explica su t\u00edtulo, se trata de un consenso realizado por un grupo multidisciplinar de expertos espa\u00f1oles (GEPREM-Hg) creado ad-hoc para el tema.<\/span><\/p>\n<p><span style=\"font-size: 24px; font-family: 'DIN Alternate';\">Les recomiendo leerlo completo, porque incluye de todo: informaci\u00f3n b\u00e1sica, datos y referencias, as\u00ed como recomendaciones de ingesta. Por ejemplo, cuenta c\u00f3mo hay estudios que han confirmado que una buena cantidad de pescado en Espa\u00f1a supera las cantidades permitidas de metilmercurio:<\/span><\/p>\n<div class=\"separator\"><span style=\"font-size: 24px; font-family: 'DIN Alternate';\"><a href=\"https:\/\/1.bp.blogspot.com\/-3N656Tq7gyw\/XccKRyUF5JI\/AAAAAAAASxo\/5QpKoPjChPsuR_4tTAxEF_lA2_2fMUONwCLcBGAsYHQ\/s1600\/mercur5.jpg\"><img src=\"https:\/\/1.bp.blogspot.com\/-3N656Tq7gyw\/XccKRyUF5JI\/AAAAAAAASxo\/5QpKoPjChPsuR_4tTAxEF_lA2_2fMUONwCLcBGAsYHQ\/s1600\/mercur5.jpg\" border=\"0\" data-original-height=\"334\" data-original-width=\"359\" \/><\/a><\/span><\/div>\n<p><span style=\"font-size: 24px; font-family: 'DIN Alternate';\"><strong>Y a la hora de limitar algunas especies, entran en m\u00e1s detalles y son m\u00e1s conservadores que Aesan :<\/strong><\/span><\/p>\n<div class=\"separator\"><span style=\"font-size: 24px; font-family: 'DIN Alternate';\"><a href=\"https:\/\/1.bp.blogspot.com\/-LMlaOQ45JWc\/Xcf1AgNHNhI\/AAAAAAAASzU\/gh2mw1BxJ_8tePcPmEZaL6k3jDsVKgAkwCLcBGAsYHQ\/s1600\/mercuriorecom2.jpg\"><img src=\"https:\/\/1.bp.blogspot.com\/-LMlaOQ45JWc\/Xcf1AgNHNhI\/AAAAAAAASzU\/gh2mw1BxJ_8tePcPmEZaL6k3jDsVKgAkwCLcBGAsYHQ\/s1600\/mercuriorecom2.jpg\" border=\"0\" data-original-height=\"502\" data-original-width=\"434\" \/><\/a><\/span><\/div>\n<div class=\"separator\"><\/div>\n<div class=\"separator\"><span style=\"font-size: 24px; font-family: 'DIN Alternate';\"><a href=\"https:\/\/1.bp.blogspot.com\/-Dp-iXBWMwj0\/Xcf0kIE-ngI\/AAAAAAAASzM\/T7gYKn7adsQH8PbesA2dtjy8qHiUXHiMwCLcBGAsYHQ\/s1600\/mercuriorecom3.jpg\"><img src=\"https:\/\/1.bp.blogspot.com\/-Dp-iXBWMwj0\/Xcf0kIE-ngI\/AAAAAAAASzM\/T7gYKn7adsQH8PbesA2dtjy8qHiUXHiMwCLcBGAsYHQ\/s1600\/mercuriorecom3.jpg\" border=\"0\" data-original-height=\"427\" data-original-width=\"414\" \/><\/a><\/span><\/div>\n<p><span style=\"font-size: 24px; font-family: 'DIN Alternate';\"><strong>Las diferencias con las recomendaciones de Aesan no son exclusivas de este grupo, tambi\u00e9n\u00a0<a href=\"https:\/\/www.fda.gov\/media\/102331\/download\">las recomendaciones norteamericanas<\/a>, desarrolladas por la EPA y la FDA, son m\u00e1s estrictas y detalladas.<\/strong><\/span><\/p>\n<p><span style=\"font-size: 24px; font-family: 'DIN Alternate';\">Como puede comprobar en\u00a0<a href=\"https:\/\/www.fda.gov\/media\/102331\/download\">el documento oficial<\/a>\u00a0y la siguiente figura incluida, <strong>recomiendan 2-3 raciones semanales del pescado del grupo \u00abMejores opciones\u00bb (que podr\u00eda ser el equivalente a \u00abbajo contenido en mercurio\u00bb de Aesan). Y una sola raci\u00f3n semanal del grupo \u00abbuenas opciones\u00bb (que podr\u00eda equivaler al de \u00abcontenido medio en mercurio\u00bb):<\/strong><\/span><\/p>\n<div class=\"separator\"><span style=\"font-size: 24px; font-family: 'DIN Alternate';\"><a href=\"https:\/\/1.bp.blogspot.com\/-blseseTypCo\/Xcf8qyMWSmI\/AAAAAAAASzc\/dx3PGOxRCcg27-kmgcwPxGHWj4gZb1jmQCLcBGAsYHQ\/s1600\/Advice%2BAbout%2BEating%2BFish%2BChart%2B%2528en%2BEspa%25C3%25B1ol%2529.jpg\"><img loading=\"lazy\" class=\"\" src=\"https:\/\/1.bp.blogspot.com\/-blseseTypCo\/Xcf8qyMWSmI\/AAAAAAAASzc\/dx3PGOxRCcg27-kmgcwPxGHWj4gZb1jmQCLcBGAsYHQ\/s640\/Advice%2BAbout%2BEating%2BFish%2BChart%2B%2528en%2BEspa%25C3%25B1ol%2529.jpg\" width=\"688\" height=\"347\" border=\"0\" data-original-height=\"360\" data-original-width=\"714\" \/><\/a><\/span><\/div>\n<p><span style=\"font-size: 24px; font-family: 'DIN Alternate';\">Es decir, se recomienda una raci\u00f3n semanal menos para el pescado con bajo contenido en mercurio y 2-3 raciones semanales menos para el pescado con contenido medio en mercurio. Mucha diferencia, en mi opini\u00f3n.<\/span><\/p>\n<p><span style=\"font-size: 24px; font-family: 'DIN Alternate';\">Adem\u00e1s, ofrecen bastante m\u00e1s informaci\u00f3n\u00a0que Aesan sobre los datos y los criterios que han utilizado para llegar a estas recomendaciones, como se puede comprobar en\u00a0<a href=\"https:\/\/www.epa.gov\/fish-tech\/epa-fda-fish-advice-technical-information\">este contenido<\/a>. Si Aesan hubiera hecho lo mismo, podr\u00edamos valorar si las diferencias entre ambas recomendaciones est\u00e1n justificadas.<\/span><\/p>\n<h2><span style=\"font-size: 24px; font-family: 'DIN Alternate';\"><b><br \/>\n<\/b><b>Entonces, \u00bftenemos un problema con el mercurio del pescado en Espa\u00f1a?<\/b><\/span><\/h2>\n<p><span style=\"font-size: 24px; font-family: 'DIN Alternate';\">Me inclino por pensar que no tenemos un problema sanitario porque posiblemente haciendo el balance riesgos-beneficios, la ingesta de pescado sea saludable y positiva. Andar cerca de los l\u00edmites m\u00e1ximos de metilmercurio quiz\u00e1s no sea especialmente peligroso, ya que estos l\u00edmites suelen establecerse con amplios m\u00e1rgenes de seguridad. Pero tal vez s\u00ed tenemos un problema de falta de detalle y de informaci\u00f3n. Y creo que es un tema suficientemente serio como para\u00a0 andar con pies de plomo (o de mercurio, en este caso) y no arriesgarse en las recomendaciones.<\/span><\/p>\n<p><span style=\"font-size: 24px; font-family: 'DIN Alternate';\"><strong>Con estos ejemplos no quiero que piensen que es muy peligroso comer pescado y que dejen de hacerlo, ni que nos est\u00e1n mintiendo o enga\u00f1ando.<\/strong> Simplemente estoy poniendo sobre la mesa las sombras que detecto en las recomendaciones publicadas, as\u00ed como algunas dudas que me generan. Y creo que estas dudas est\u00e1n justificadas ya que como se cuenta en <strong>\u00ab<a href=\"https:\/\/www.sciencedirect.com\/science\/article\/pii\/S0048969719311623?via%3Dihub\">Mercury levels in blood, urine and hair in a nation-wide sample of Spanish adults<\/a>\u00bb (2019), la elevada concentraci\u00f3n de este compuesto que se detecta entre los espa\u00f1oles indica que estamos ingiriendo cantidades significativas.<\/strong> Y en el reciente metaan\u00e1lisis \u00ab<a href=\"https:\/\/www.cambridge.org\/core\/journals\/public-health-nutrition\/article\/fish-consumption-and-risk-of-allcause-and-cardiovascular-mortality-a-doseresponse-metaanalysis-of-prospective-observational-studies\/210580CDB6D398F204F6C5D80282C9EE\">Fish consumption and risk of all-cause and cardiovascular mortality: a dose\u2013response meta-analysis of prospective observational studies<\/a>\u00bb (2018) se concluy\u00f3 que\u00a0\u00a0la ingesta de pescado se asociaba con un menor riesgo de mortalidad, pero en los pa\u00edses occidentales (aunque no en los asi\u00e1ticos) la cantidad de pescado que con menor riesgo de mortalidad global y cardiovascular eran unos 150 gramos semanales, pero aumentaba a partir de ese valor, como pueden apreciar en el gr\u00e1fico incluido:<\/span><\/p>\n<div class=\"separator\"><span style=\"font-size: 24px; font-family: 'DIN Alternate';\"><a href=\"https:\/\/1.bp.blogspot.com\/-hwbsAj98y0Q\/Xc1sl-U3wJI\/AAAAAAAAS2g\/a-PVNo8RhJgYEsZg6UYMD0nkbYZEZstgwCLcBGAsYHQ\/s1600\/pescado2.jpg\"><img loading=\"lazy\" src=\"https:\/\/1.bp.blogspot.com\/-hwbsAj98y0Q\/Xc1sl-U3wJI\/AAAAAAAAS2g\/a-PVNo8RhJgYEsZg6UYMD0nkbYZEZstgwCLcBGAsYHQ\/s640\/pescado2.jpg\" width=\"640\" height=\"216\" border=\"0\" data-original-height=\"239\" data-original-width=\"704\" \/><\/a><\/span><\/div>\n<p><span style=\"font-size: 24px; font-family: 'DIN Alternate';\">No sabemos si todos estos resultados estar\u00e1n relacionados, pero m\u00e1s vale prevenir que curar, \u00bfno creen?<\/span><\/p>\n<\/div>\n<p>&nbsp;<\/p>\n","protected":false},"excerpt":{"rendered":"<p>Tras las recientes recomendaciones de la Agencia Espa\u00f1ola de Seguridad Alimentaria y Nutrici\u00f3n (Aesan), a muchos padres ,madres y m\u00e9dicos<\/p>\n","protected":false},"author":2,"featured_media":966,"comment_status":"closed","ping_status":"open","sticky":false,"template":"","format":"standard","meta":[],"categories":[9],"tags":[60,61,62],"yoast_head":"<!-- This site is optimized with the Yoast SEO plugin v18.4.1 - https:\/\/yoast.com\/wordpress\/plugins\/seo\/ -->\r\n<title>\u00bfPuedo darle at\u00fan en conserva a mi hij@? - Programa PAIDO<\/title>\r\n<meta name=\"robots\" content=\"index, follow, max-snippet:-1, max-image-preview:large, max-video-preview:-1\" \/>\r\n<link rel=\"canonical\" href=\"https:\/\/programapaido.general-valencia.san.gva.es\/index.php\/2019\/12\/10\/puedo-darle-atun-en-conserva-a-mi-hij\/\" \/>\r\n<meta property=\"og:locale\" content=\"es_ES\" \/>\r\n<meta property=\"og:type\" content=\"article\" \/>\r\n<meta property=\"og:title\" content=\"\u00bfPuedo darle at\u00fan en conserva a mi hij@? - Programa PAIDO\" \/>\r\n<meta property=\"og:description\" content=\"Tras las recientes recomendaciones de la Agencia Espa\u00f1ola de Seguridad Alimentaria y Nutrici\u00f3n (Aesan), a muchos padres ,madres y m\u00e9dicos\" \/>\r\n<meta property=\"og:url\" content=\"https:\/\/programapaido.general-valencia.san.gva.es\/index.php\/2019\/12\/10\/puedo-darle-atun-en-conserva-a-mi-hij\/\" \/>\r\n<meta property=\"og:site_name\" content=\"Programa PAIDO\" \/>\r\n<meta property=\"article:published_time\" content=\"2019-12-10T18:17:59+00:00\" \/>\r\n<meta property=\"article:modified_time\" content=\"2019-12-23T16:07:51+00:00\" \/>\r\n<meta property=\"og:image\" content=\"https:\/\/programapaido.general-valencia.san.gva.es\/wp-content\/uploads\/2019\/12\/lata-de-at\u00fan.jpg\" \/>\r\n\t<meta property=\"og:image:width\" content=\"1000\" \/>\r\n\t<meta property=\"og:image:height\" content=\"567\" \/>\r\n\t<meta property=\"og:image:type\" content=\"image\/jpeg\" \/>\r\n<meta name=\"twitter:card\" content=\"summary_large_image\" \/>\r\n<meta name=\"twitter:label1\" content=\"Escrito por\" \/>\n\t<meta name=\"twitter:data1\" content=\"Julio Alvarez\" \/>\n\t<meta name=\"twitter:label2\" content=\"Tiempo de lectura\" \/>\n\t<meta name=\"twitter:data2\" content=\"11 minutos\" \/>\r\n<script type=\"application\/ld+json\" class=\"yoast-schema-graph\">{\"@context\":\"https:\/\/schema.org\",\"@graph\":[{\"@type\":\"Organization\",\"@id\":\"https:\/\/programapaido.general-valencia.san.gva.es\/#organization\",\"name\":\"Servicio de Pediatr\u00eda, Hospital general de Valencia\",\"url\":\"https:\/\/programapaido.general-valencia.san.gva.es\/\",\"sameAs\":[],\"logo\":{\"@type\":\"ImageObject\",\"@id\":\"https:\/\/programapaido.general-valencia.san.gva.es\/#logo\",\"inLanguage\":\"es\",\"url\":\"https:\/\/programapaido.general-valencia.san.gva.es\/wp-content\/uploads\/2017\/09\/paido.png\",\"contentUrl\":\"https:\/\/programapaido.general-valencia.san.gva.es\/wp-content\/uploads\/2017\/09\/paido.png\",\"width\":640,\"height\":480,\"caption\":\"Servicio de Pediatr\u00eda, Hospital general de Valencia\"},\"image\":{\"@id\":\"https:\/\/programapaido.general-valencia.san.gva.es\/#logo\"}},{\"@type\":\"WebSite\",\"@id\":\"https:\/\/programapaido.general-valencia.san.gva.es\/#website\",\"url\":\"https:\/\/programapaido.general-valencia.san.gva.es\/\",\"name\":\"Programa PAIDO\",\"description\":\"Programa Atenci\u00f3n Integral Obesidad Infantil\",\"publisher\":{\"@id\":\"https:\/\/programapaido.general-valencia.san.gva.es\/#organization\"},\"potentialAction\":[{\"@type\":\"SearchAction\",\"target\":{\"@type\":\"EntryPoint\",\"urlTemplate\":\"https:\/\/programapaido.general-valencia.san.gva.es\/?s={search_term_string}\"},\"query-input\":\"required name=search_term_string\"}],\"inLanguage\":\"es\"},{\"@type\":\"ImageObject\",\"@id\":\"https:\/\/programapaido.general-valencia.san.gva.es\/index.php\/2019\/12\/10\/puedo-darle-atun-en-conserva-a-mi-hij\/#primaryimage\",\"inLanguage\":\"es\",\"url\":\"https:\/\/programapaido.general-valencia.san.gva.es\/wp-content\/uploads\/2019\/12\/lata-de-at\u00fan.jpg\",\"contentUrl\":\"https:\/\/programapaido.general-valencia.san.gva.es\/wp-content\/uploads\/2019\/12\/lata-de-at\u00fan.jpg\",\"width\":1000,\"height\":567},{\"@type\":\"WebPage\",\"@id\":\"https:\/\/programapaido.general-valencia.san.gva.es\/index.php\/2019\/12\/10\/puedo-darle-atun-en-conserva-a-mi-hij\/#webpage\",\"url\":\"https:\/\/programapaido.general-valencia.san.gva.es\/index.php\/2019\/12\/10\/puedo-darle-atun-en-conserva-a-mi-hij\/\",\"name\":\"\u00bfPuedo darle at\u00fan en conserva a mi hij@? - Programa PAIDO\",\"isPartOf\":{\"@id\":\"https:\/\/programapaido.general-valencia.san.gva.es\/#website\"},\"primaryImageOfPage\":{\"@id\":\"https:\/\/programapaido.general-valencia.san.gva.es\/index.php\/2019\/12\/10\/puedo-darle-atun-en-conserva-a-mi-hij\/#primaryimage\"},\"datePublished\":\"2019-12-10T18:17:59+00:00\",\"dateModified\":\"2019-12-23T16:07:51+00:00\",\"breadcrumb\":{\"@id\":\"https:\/\/programapaido.general-valencia.san.gva.es\/index.php\/2019\/12\/10\/puedo-darle-atun-en-conserva-a-mi-hij\/#breadcrumb\"},\"inLanguage\":\"es\",\"potentialAction\":[{\"@type\":\"ReadAction\",\"target\":[\"https:\/\/programapaido.general-valencia.san.gva.es\/index.php\/2019\/12\/10\/puedo-darle-atun-en-conserva-a-mi-hij\/\"]}]},{\"@type\":\"BreadcrumbList\",\"@id\":\"https:\/\/programapaido.general-valencia.san.gva.es\/index.php\/2019\/12\/10\/puedo-darle-atun-en-conserva-a-mi-hij\/#breadcrumb\",\"itemListElement\":[{\"@type\":\"ListItem\",\"position\":1,\"name\":\"Portada\",\"item\":\"https:\/\/programapaido.general-valencia.san.gva.es\/\"},{\"@type\":\"ListItem\",\"position\":2,\"name\":\"\u00bfPuedo darle at\u00fan en conserva a mi hij@?\"}]},{\"@type\":\"Article\",\"@id\":\"https:\/\/programapaido.general-valencia.san.gva.es\/index.php\/2019\/12\/10\/puedo-darle-atun-en-conserva-a-mi-hij\/#article\",\"isPartOf\":{\"@id\":\"https:\/\/programapaido.general-valencia.san.gva.es\/index.php\/2019\/12\/10\/puedo-darle-atun-en-conserva-a-mi-hij\/#webpage\"},\"author\":{\"@id\":\"https:\/\/programapaido.general-valencia.san.gva.es\/#\/schema\/person\/f6847351e40e1efca263ecea541311e5\"},\"headline\":\"\u00bfPuedo darle at\u00fan en conserva a mi hij@?\",\"datePublished\":\"2019-12-10T18:17:59+00:00\",\"dateModified\":\"2019-12-23T16:07:51+00:00\",\"mainEntityOfPage\":{\"@id\":\"https:\/\/programapaido.general-valencia.san.gva.es\/index.php\/2019\/12\/10\/puedo-darle-atun-en-conserva-a-mi-hij\/#webpage\"},\"wordCount\":2258,\"publisher\":{\"@id\":\"https:\/\/programapaido.general-valencia.san.gva.es\/#organization\"},\"image\":{\"@id\":\"https:\/\/programapaido.general-valencia.san.gva.es\/index.php\/2019\/12\/10\/puedo-darle-atun-en-conserva-a-mi-hij\/#primaryimage\"},\"thumbnailUrl\":\"https:\/\/programapaido.general-valencia.san.gva.es\/wp-content\/uploads\/2019\/12\/lata-de-at\u00fan.jpg\",\"keywords\":[\"atun en lata\",\"mercurio\",\"pescado\"],\"articleSection\":[\"EVITA!\"],\"inLanguage\":\"es\"},{\"@type\":\"Person\",\"@id\":\"https:\/\/programapaido.general-valencia.san.gva.es\/#\/schema\/person\/f6847351e40e1efca263ecea541311e5\",\"name\":\"Julio Alvarez\",\"image\":{\"@type\":\"ImageObject\",\"@id\":\"https:\/\/programapaido.general-valencia.san.gva.es\/#personlogo\",\"inLanguage\":\"es\",\"url\":\"https:\/\/secure.gravatar.com\/avatar\/d42605c12d4b4d558def38ca2654f953?s=96&d=mm&r=g\",\"contentUrl\":\"https:\/\/secure.gravatar.com\/avatar\/d42605c12d4b4d558def38ca2654f953?s=96&d=mm&r=g\",\"caption\":\"Julio Alvarez\"}}]}<\/script>\r\n<!-- \/ Yoast SEO plugin. -->","yoast_head_json":{"title":"\u00bfPuedo darle at\u00fan en conserva a mi hij@? - Programa PAIDO","robots":{"index":"index","follow":"follow","max-snippet":"max-snippet:-1","max-image-preview":"max-image-preview:large","max-video-preview":"max-video-preview:-1"},"canonical":"https:\/\/programapaido.general-valencia.san.gva.es\/index.php\/2019\/12\/10\/puedo-darle-atun-en-conserva-a-mi-hij\/","og_locale":"es_ES","og_type":"article","og_title":"\u00bfPuedo darle at\u00fan en conserva a mi hij@? - Programa PAIDO","og_description":"Tras las recientes recomendaciones de la Agencia Espa\u00f1ola de Seguridad Alimentaria y Nutrici\u00f3n (Aesan), a muchos padres ,madres y m\u00e9dicos","og_url":"https:\/\/programapaido.general-valencia.san.gva.es\/index.php\/2019\/12\/10\/puedo-darle-atun-en-conserva-a-mi-hij\/","og_site_name":"Programa PAIDO","article_published_time":"2019-12-10T18:17:59+00:00","article_modified_time":"2019-12-23T16:07:51+00:00","og_image":[{"width":1000,"height":567,"url":"https:\/\/programapaido.general-valencia.san.gva.es\/wp-content\/uploads\/2019\/12\/lata-de-at\u00fan.jpg","type":"image\/jpeg"}],"twitter_card":"summary_large_image","twitter_misc":{"Escrito por":"Julio Alvarez","Tiempo de lectura":"11 minutos"},"schema":{"@context":"https:\/\/schema.org","@graph":[{"@type":"Organization","@id":"https:\/\/programapaido.general-valencia.san.gva.es\/#organization","name":"Servicio de Pediatr\u00eda, Hospital general de Valencia","url":"https:\/\/programapaido.general-valencia.san.gva.es\/","sameAs":[],"logo":{"@type":"ImageObject","@id":"https:\/\/programapaido.general-valencia.san.gva.es\/#logo","inLanguage":"es","url":"https:\/\/programapaido.general-valencia.san.gva.es\/wp-content\/uploads\/2017\/09\/paido.png","contentUrl":"https:\/\/programapaido.general-valencia.san.gva.es\/wp-content\/uploads\/2017\/09\/paido.png","width":640,"height":480,"caption":"Servicio de Pediatr\u00eda, Hospital general de Valencia"},"image":{"@id":"https:\/\/programapaido.general-valencia.san.gva.es\/#logo"}},{"@type":"WebSite","@id":"https:\/\/programapaido.general-valencia.san.gva.es\/#website","url":"https:\/\/programapaido.general-valencia.san.gva.es\/","name":"Programa PAIDO","description":"Programa Atenci\u00f3n Integral Obesidad Infantil","publisher":{"@id":"https:\/\/programapaido.general-valencia.san.gva.es\/#organization"},"potentialAction":[{"@type":"SearchAction","target":{"@type":"EntryPoint","urlTemplate":"https:\/\/programapaido.general-valencia.san.gva.es\/?s={search_term_string}"},"query-input":"required name=search_term_string"}],"inLanguage":"es"},{"@type":"ImageObject","@id":"https:\/\/programapaido.general-valencia.san.gva.es\/index.php\/2019\/12\/10\/puedo-darle-atun-en-conserva-a-mi-hij\/#primaryimage","inLanguage":"es","url":"https:\/\/programapaido.general-valencia.san.gva.es\/wp-content\/uploads\/2019\/12\/lata-de-at\u00fan.jpg","contentUrl":"https:\/\/programapaido.general-valencia.san.gva.es\/wp-content\/uploads\/2019\/12\/lata-de-at\u00fan.jpg","width":1000,"height":567},{"@type":"WebPage","@id":"https:\/\/programapaido.general-valencia.san.gva.es\/index.php\/2019\/12\/10\/puedo-darle-atun-en-conserva-a-mi-hij\/#webpage","url":"https:\/\/programapaido.general-valencia.san.gva.es\/index.php\/2019\/12\/10\/puedo-darle-atun-en-conserva-a-mi-hij\/","name":"\u00bfPuedo darle at\u00fan en conserva a mi hij@? - Programa PAIDO","isPartOf":{"@id":"https:\/\/programapaido.general-valencia.san.gva.es\/#website"},"primaryImageOfPage":{"@id":"https:\/\/programapaido.general-valencia.san.gva.es\/index.php\/2019\/12\/10\/puedo-darle-atun-en-conserva-a-mi-hij\/#primaryimage"},"datePublished":"2019-12-10T18:17:59+00:00","dateModified":"2019-12-23T16:07:51+00:00","breadcrumb":{"@id":"https:\/\/programapaido.general-valencia.san.gva.es\/index.php\/2019\/12\/10\/puedo-darle-atun-en-conserva-a-mi-hij\/#breadcrumb"},"inLanguage":"es","potentialAction":[{"@type":"ReadAction","target":["https:\/\/programapaido.general-valencia.san.gva.es\/index.php\/2019\/12\/10\/puedo-darle-atun-en-conserva-a-mi-hij\/"]}]},{"@type":"BreadcrumbList","@id":"https:\/\/programapaido.general-valencia.san.gva.es\/index.php\/2019\/12\/10\/puedo-darle-atun-en-conserva-a-mi-hij\/#breadcrumb","itemListElement":[{"@type":"ListItem","position":1,"name":"Portada","item":"https:\/\/programapaido.general-valencia.san.gva.es\/"},{"@type":"ListItem","position":2,"name":"\u00bfPuedo darle at\u00fan en conserva a mi hij@?"}]},{"@type":"Article","@id":"https:\/\/programapaido.general-valencia.san.gva.es\/index.php\/2019\/12\/10\/puedo-darle-atun-en-conserva-a-mi-hij\/#article","isPartOf":{"@id":"https:\/\/programapaido.general-valencia.san.gva.es\/index.php\/2019\/12\/10\/puedo-darle-atun-en-conserva-a-mi-hij\/#webpage"},"author":{"@id":"https:\/\/programapaido.general-valencia.san.gva.es\/#\/schema\/person\/f6847351e40e1efca263ecea541311e5"},"headline":"\u00bfPuedo darle at\u00fan en conserva a mi hij@?","datePublished":"2019-12-10T18:17:59+00:00","dateModified":"2019-12-23T16:07:51+00:00","mainEntityOfPage":{"@id":"https:\/\/programapaido.general-valencia.san.gva.es\/index.php\/2019\/12\/10\/puedo-darle-atun-en-conserva-a-mi-hij\/#webpage"},"wordCount":2258,"publisher":{"@id":"https:\/\/programapaido.general-valencia.san.gva.es\/#organization"},"image":{"@id":"https:\/\/programapaido.general-valencia.san.gva.es\/index.php\/2019\/12\/10\/puedo-darle-atun-en-conserva-a-mi-hij\/#primaryimage"},"thumbnailUrl":"https:\/\/programapaido.general-valencia.san.gva.es\/wp-content\/uploads\/2019\/12\/lata-de-at\u00fan.jpg","keywords":["atun en lata","mercurio","pescado"],"articleSection":["EVITA!"],"inLanguage":"es"},{"@type":"Person","@id":"https:\/\/programapaido.general-valencia.san.gva.es\/#\/schema\/person\/f6847351e40e1efca263ecea541311e5","name":"Julio Alvarez","image":{"@type":"ImageObject","@id":"https:\/\/programapaido.general-valencia.san.gva.es\/#personlogo","inLanguage":"es","url":"https:\/\/secure.gravatar.com\/avatar\/d42605c12d4b4d558def38ca2654f953?s=96&d=mm&r=g","contentUrl":"https:\/\/secure.gravatar.com\/avatar\/d42605c12d4b4d558def38ca2654f953?s=96&d=mm&r=g","caption":"Julio Alvarez"}}]}},"_links":{"self":[{"href":"https:\/\/programapaido.general-valencia.san.gva.es\/index.php\/wp-json\/wp\/v2\/posts\/960"}],"collection":[{"href":"https:\/\/programapaido.general-valencia.san.gva.es\/index.php\/wp-json\/wp\/v2\/posts"}],"about":[{"href":"https:\/\/programapaido.general-valencia.san.gva.es\/index.php\/wp-json\/wp\/v2\/types\/post"}],"author":[{"embeddable":true,"href":"https:\/\/programapaido.general-valencia.san.gva.es\/index.php\/wp-json\/wp\/v2\/users\/2"}],"replies":[{"embeddable":true,"href":"https:\/\/programapaido.general-valencia.san.gva.es\/index.php\/wp-json\/wp\/v2\/comments?post=960"}],"version-history":[{"count":10,"href":"https:\/\/programapaido.general-valencia.san.gva.es\/index.php\/wp-json\/wp\/v2\/posts\/960\/revisions"}],"predecessor-version":[{"id":973,"href":"https:\/\/programapaido.general-valencia.san.gva.es\/index.php\/wp-json\/wp\/v2\/posts\/960\/revisions\/973"}],"wp:featuredmedia":[{"embeddable":true,"href":"https:\/\/programapaido.general-valencia.san.gva.es\/index.php\/wp-json\/wp\/v2\/media\/966"}],"wp:attachment":[{"href":"https:\/\/programapaido.general-valencia.san.gva.es\/index.php\/wp-json\/wp\/v2\/media?parent=960"}],"wp:term":[{"taxonomy":"category","embeddable":true,"href":"https:\/\/programapaido.general-valencia.san.gva.es\/index.php\/wp-json\/wp\/v2\/categories?post=960"},{"taxonomy":"post_tag","embeddable":true,"href":"https:\/\/programapaido.general-valencia.san.gva.es\/index.php\/wp-json\/wp\/v2\/tags?post=960"}],"curies":[{"name":"wp","href":"https:\/\/api.w.org\/{rel}","templated":true}]}}